
{"id":19401,"date":"2021-09-09T09:26:06","date_gmt":"2021-09-09T08:26:06","guid":{"rendered":"https:\/\/cuinetes.shop\/la-setrillera-molt-mes-que-un-complement\/"},"modified":"2022-04-30T19:10:55","modified_gmt":"2022-04-30T18:10:55","slug":"la-aceitera-mucho-mas-que-un-complemento","status":"publish","type":"post","link":"https:\/\/cuinetes.shop\/es\/cocinar\/la-aceitera-mucho-mas-que-un-complemento\/","title":{"rendered":"La aceitera, mucho m\u00e1s que un complemento"},"content":{"rendered":"<p>El arte ha sido, desde tiempos inmemoriales, una forma que ha tenido la humanidad de expresar sus inquietudes, preocupaciones y anhelos, a la vez que buscaban la forma de crear nuevas emociones y sensaciones en los de m\u00e1s.<\/p>\n<p>Las expresiones art\u00edsticas tocan muchos sectores distintos, desde la pintura, la escultura, la literatura hasta otros sectores mucho m\u00e1s terrenales, como la cocina.<\/p>\n<p>Hoy en d\u00eda, la cocina ha evolucionado much\u00edsimo, y podemos encontrar todo tipo de recetas y platos ex\u00f3ticos que, debido a la globalizaci\u00f3n que vivimos a d\u00eda de hoy, podemos degustar sin necesidad de viajar hasta la otra punta del mundo.<\/p>\n<p>La cocina tambi\u00e9n se ha convertido en un lugar de experimentaci\u00f3n, donde restaurantes de gran renombre prueban combinaciones imposibles en busca del sabor definitivo, poniendo a prueba a los paladares con explosiones de sabor realmente inclasificables.<\/p>\n<p>La cocina, sin embargo, no siempre ha sido esto y, por suerte, la mayor\u00eda de gente todav\u00eda disfruta de la cocina tradicional de toda la vida, con ingredientes propios de la tierra, especialmente en una cultura gastron\u00f3mica tan rica como la mediterr\u00e1nea, en la que incluso el plato m\u00e1s sencillo se convierte en una experiencia sensacional.<\/p>\n<p>Podemos comprobarlo cuando ponemos en la mesa un buen plato de tostadas y una buena plata de embutidos. En este caso, como en la mayor\u00eda de casos cuando hablamos de cocina mediterr\u00e1nea, nunca puede faltar en la mesa una buena <a style=\"font-size: 0.875rem;\" href=\"https:\/\/cuinetes.shop\/\"><strong>aceitera<\/strong><\/a><span style=\"font-size: 0.875rem;\">.<\/span><\/p>\n<p style=\"text-align: center;\"><img loading=\"lazy\" decoding=\"async\" class=\"alignnone size-full wp-image-231\" src=\"https:\/\/cuinetes.arantxaengancha.com\/wp-content\/uploads\/2021\/09\/aceitera-1.jpg\" alt=\"\" width=\"640\" height=\"480\" srcset=\"https:\/\/cuinetes.shop\/wp-content\/uploads\/2021\/09\/aceitera-1.jpg 640w, https:\/\/cuinetes.shop\/wp-content\/uploads\/2021\/09\/aceitera-1-600x450.jpg 600w, https:\/\/cuinetes.shop\/wp-content\/uploads\/2021\/09\/aceitera-1-300x225.jpg 300w\" sizes=\"auto, (max-width: 640px) 100vw, 640px\" \/><\/p>\n<h2 style=\"text-align: center;\">La aceitera permite ali\u00f1ar y condimentar al gusto cualquier plato<\/h2>\n<p>Y es que el aceite de oliva, el vinagre, la sal y la pimienta, son los cuatro pilares fundamentales que alegran pr\u00e1cticamente cualquier plato y, al contrario de lo que mucha gente cree, no son tan s\u00f3lo una parte necesaria de las ensaladas.<\/p>\n<p>La <strong>aceitera<\/strong> nunca puede fallar en la mesa y la prueba de ello la encontramos cuando vamos a comer a cualquier restaurante, donde es pr\u00e1cticamente lo primero que encontramos en la mesa, antes incluso del mantel individual.<\/p>\n<p>El motivo de que una <strong>aceitera<\/strong> sea tan necesaria en la mesa, es que cada individuo tiene un sabor diferente, y a cada persona le gustan los platos en un punto de sal diferente; a unos nos gusta m\u00e1s el picante y otros no lo soportan.<\/p>\n<p>El hecho de poder a\u00f1adir m\u00e1s al gusto permite que cada comensal pueda disfrutar al m\u00e1ximo de su plato, y nadie quede decepcionado de la comida que ha pedido o cocinado. De esta forma tambi\u00e9n podemos corregir la cantidad de aceite o de sal de la receta que hemos preparado despu\u00e9s de probarla.<\/p>\n<p>La <strong>aceitera<\/strong> puede parecer un elemento sencillo de la mesa pero, como hemos visto, si nos fijamos bien, es un elemento indispensable y totalmente necesario.<\/p>\n\n\n<p><\/p>\n","protected":false},"excerpt":{"rendered":"<p>El arte ha sido, desde tiempos inmemoriales, una forma que ha tenido la humanidad de expresar sus inquietudes, preocupaciones y anhelos, a la vez que buscaban la forma de crear nuevas emociones y sensaciones en los de m\u00e1s. Las expresiones art\u00edsticas tocan muchos sectores distintos, desde la pintura, la escultura, la literatura hasta otros sectores [&hellip;]<\/p>\n","protected":false},"author":118,"featured_media":16526,"comment_status":"closed","ping_status":"closed","sticky":false,"template":"","format":"standard","meta":{"footnotes":""},"categories":[707],"tags":[],"class_list":["post-19401","post","type-post","status-publish","format-standard","has-post-thumbnail","hentry","category-cocinar"],"yoast_head":"<!-- This site is optimized with the Yoast SEO plugin v26.1.1 - https:\/\/yoast.com\/wordpress\/plugins\/seo\/ -->\n<title>La aceitera, mucho m\u00e1s que un complemento - Tienda de utensilios de cocina - Cuinetes<\/title>\n<meta name=\"robots\" content=\"index, follow, max-snippet:-1, max-image-preview:large, max-video-preview:-1\" \/>\n<link rel=\"canonical\" href=\"https:\/\/cuinetes.shop\/es\/cocinar\/la-aceitera-mucho-mas-que-un-complemento\/\" \/>\n<meta property=\"og:locale\" content=\"es_ES\" \/>\n<meta property=\"og:type\" content=\"article\" \/>\n<meta property=\"og:title\" content=\"La aceitera, mucho m\u00e1s que un complemento - Tienda de utensilios de cocina - Cuinetes\" \/>\n<meta property=\"og:description\" content=\"El arte ha sido, desde tiempos inmemoriales, una forma que ha tenido la humanidad de expresar sus inquietudes, preocupaciones y anhelos, a la vez que buscaban la forma de crear nuevas emociones y sensaciones en los de m\u00e1s. Las expresiones art\u00edsticas tocan muchos sectores distintos, desde la pintura, la escultura, la literatura hasta otros sectores [&hellip;]\" \/>\n<meta property=\"og:url\" content=\"https:\/\/cuinetes.shop\/es\/cocinar\/la-aceitera-mucho-mas-que-un-complemento\/\" \/>\n<meta property=\"og:site_name\" content=\"Tienda de utensilios de cocina - Cuinetes\" \/>\n<meta property=\"article:published_time\" content=\"2021-09-09T08:26:06+00:00\" \/>\n<meta property=\"article:modified_time\" content=\"2022-04-30T18:10:55+00:00\" \/>\n<meta property=\"og:image\" content=\"https:\/\/cuinetes.shop\/wp-content\/uploads\/2021\/09\/aceitera.jpg\" \/>\n\t<meta property=\"og:image:width\" content=\"640\" \/>\n\t<meta property=\"og:image:height\" content=\"533\" \/>\n\t<meta property=\"og:image:type\" content=\"image\/jpeg\" \/>\n<meta name=\"author\" content=\"Laura Palomo Sarrias\" \/>\n<meta name=\"twitter:card\" content=\"summary_large_image\" \/>\n<meta name=\"twitter:label1\" content=\"Written by\" \/>\n\t<meta name=\"twitter:data1\" content=\"Laura Palomo Sarrias\" \/>\n\t<meta name=\"twitter:label2\" content=\"Est. reading time\" \/>\n\t<meta name=\"twitter:data2\" content=\"3 minutes\" \/>\n<script type=\"application\/ld+json\" class=\"yoast-schema-graph\">{\"@context\":\"https:\/\/schema.org\",\"@graph\":[{\"@type\":\"WebPage\",\"@id\":\"https:\/\/cuinetes.shop\/es\/cocinar\/la-aceitera-mucho-mas-que-un-complemento\/\",\"url\":\"https:\/\/cuinetes.shop\/es\/cocinar\/la-aceitera-mucho-mas-que-un-complemento\/\",\"name\":\"La aceitera, mucho m\u00e1s que un complemento - Tienda de utensilios de cocina - Cuinetes\",\"isPartOf\":{\"@id\":\"https:\/\/cuinetes.shop\/es\/#website\"},\"primaryImageOfPage\":{\"@id\":\"https:\/\/cuinetes.shop\/es\/cocinar\/la-aceitera-mucho-mas-que-un-complemento\/#primaryimage\"},\"image\":{\"@id\":\"https:\/\/cuinetes.shop\/es\/cocinar\/la-aceitera-mucho-mas-que-un-complemento\/#primaryimage\"},\"thumbnailUrl\":\"https:\/\/cuinetes.shop\/wp-content\/uploads\/2021\/09\/aceitera.jpg\",\"datePublished\":\"2021-09-09T08:26:06+00:00\",\"dateModified\":\"2022-04-30T18:10:55+00:00\",\"author\":{\"@id\":\"https:\/\/cuinetes.shop\/es\/#\/schema\/person\/12d37031a94092f21781d5fd7117068c\"},\"breadcrumb\":{\"@id\":\"https:\/\/cuinetes.shop\/es\/cocinar\/la-aceitera-mucho-mas-que-un-complemento\/#breadcrumb\"},\"inLanguage\":\"es\",\"potentialAction\":[{\"@type\":\"ReadAction\",\"target\":[\"https:\/\/cuinetes.shop\/es\/cocinar\/la-aceitera-mucho-mas-que-un-complemento\/\"]}]},{\"@type\":\"ImageObject\",\"inLanguage\":\"es\",\"@id\":\"https:\/\/cuinetes.shop\/es\/cocinar\/la-aceitera-mucho-mas-que-un-complemento\/#primaryimage\",\"url\":\"https:\/\/cuinetes.shop\/wp-content\/uploads\/2021\/09\/aceitera.jpg\",\"contentUrl\":\"https:\/\/cuinetes.shop\/wp-content\/uploads\/2021\/09\/aceitera.jpg\",\"width\":640,\"height\":533},{\"@type\":\"BreadcrumbList\",\"@id\":\"https:\/\/cuinetes.shop\/es\/cocinar\/la-aceitera-mucho-mas-que-un-complemento\/#breadcrumb\",\"itemListElement\":[{\"@type\":\"ListItem\",\"position\":1,\"name\":\"Home\",\"item\":\"https:\/\/cuinetes.shop\/es\/\"},{\"@type\":\"ListItem\",\"position\":2,\"name\":\"La aceitera, mucho m\u00e1s que un complemento\"}]},{\"@type\":\"WebSite\",\"@id\":\"https:\/\/cuinetes.shop\/es\/#website\",\"url\":\"https:\/\/cuinetes.shop\/es\/\",\"name\":\"Tienda de utensilios de cocina - Cuinetes\",\"description\":\"\",\"potentialAction\":[{\"@type\":\"SearchAction\",\"target\":{\"@type\":\"EntryPoint\",\"urlTemplate\":\"https:\/\/cuinetes.shop\/es\/?s={search_term_string}\"},\"query-input\":{\"@type\":\"PropertyValueSpecification\",\"valueRequired\":true,\"valueName\":\"search_term_string\"}}],\"inLanguage\":\"es\"},{\"@type\":\"Person\",\"@id\":\"https:\/\/cuinetes.shop\/es\/#\/schema\/person\/12d37031a94092f21781d5fd7117068c\",\"name\":\"Laura Palomo Sarrias\",\"image\":{\"@type\":\"ImageObject\",\"inLanguage\":\"es\",\"@id\":\"https:\/\/cuinetes.shop\/es\/#\/schema\/person\/image\/\",\"url\":\"https:\/\/secure.gravatar.com\/avatar\/0edbcc983f40435954e44718fb6eca445b7b1424fc37b011255d8fe04400897f?s=96&d=mm&r=g\",\"contentUrl\":\"https:\/\/secure.gravatar.com\/avatar\/0edbcc983f40435954e44718fb6eca445b7b1424fc37b011255d8fe04400897f?s=96&d=mm&r=g\",\"caption\":\"Laura Palomo Sarrias\"},\"url\":\"https:\/\/cuinetes.shop\/es\/author\/lauraps45gmail-com\/\"}]}<\/script>\n<!-- \/ Yoast SEO plugin. -->","yoast_head_json":{"title":"La aceitera, mucho m\u00e1s que un complemento - Tienda de utensilios de cocina - Cuinetes","robots":{"index":"index","follow":"follow","max-snippet":"max-snippet:-1","max-image-preview":"max-image-preview:large","max-video-preview":"max-video-preview:-1"},"canonical":"https:\/\/cuinetes.shop\/es\/cocinar\/la-aceitera-mucho-mas-que-un-complemento\/","og_locale":"es_ES","og_type":"article","og_title":"La aceitera, mucho m\u00e1s que un complemento - Tienda de utensilios de cocina - Cuinetes","og_description":"El arte ha sido, desde tiempos inmemoriales, una forma que ha tenido la humanidad de expresar sus inquietudes, preocupaciones y anhelos, a la vez que buscaban la forma de crear nuevas emociones y sensaciones en los de m\u00e1s. Las expresiones art\u00edsticas tocan muchos sectores distintos, desde la pintura, la escultura, la literatura hasta otros sectores [&hellip;]","og_url":"https:\/\/cuinetes.shop\/es\/cocinar\/la-aceitera-mucho-mas-que-un-complemento\/","og_site_name":"Tienda de utensilios de cocina - Cuinetes","article_published_time":"2021-09-09T08:26:06+00:00","article_modified_time":"2022-04-30T18:10:55+00:00","og_image":[{"width":640,"height":533,"url":"https:\/\/cuinetes.shop\/wp-content\/uploads\/2021\/09\/aceitera.jpg","type":"image\/jpeg"}],"author":"Laura Palomo Sarrias","twitter_card":"summary_large_image","twitter_misc":{"Written by":"Laura Palomo Sarrias","Est. reading time":"3 minutes"},"schema":{"@context":"https:\/\/schema.org","@graph":[{"@type":"WebPage","@id":"https:\/\/cuinetes.shop\/es\/cocinar\/la-aceitera-mucho-mas-que-un-complemento\/","url":"https:\/\/cuinetes.shop\/es\/cocinar\/la-aceitera-mucho-mas-que-un-complemento\/","name":"La aceitera, mucho m\u00e1s que un complemento - Tienda de utensilios de cocina - Cuinetes","isPartOf":{"@id":"https:\/\/cuinetes.shop\/es\/#website"},"primaryImageOfPage":{"@id":"https:\/\/cuinetes.shop\/es\/cocinar\/la-aceitera-mucho-mas-que-un-complemento\/#primaryimage"},"image":{"@id":"https:\/\/cuinetes.shop\/es\/cocinar\/la-aceitera-mucho-mas-que-un-complemento\/#primaryimage"},"thumbnailUrl":"https:\/\/cuinetes.shop\/wp-content\/uploads\/2021\/09\/aceitera.jpg","datePublished":"2021-09-09T08:26:06+00:00","dateModified":"2022-04-30T18:10:55+00:00","author":{"@id":"https:\/\/cuinetes.shop\/es\/#\/schema\/person\/12d37031a94092f21781d5fd7117068c"},"breadcrumb":{"@id":"https:\/\/cuinetes.shop\/es\/cocinar\/la-aceitera-mucho-mas-que-un-complemento\/#breadcrumb"},"inLanguage":"es","potentialAction":[{"@type":"ReadAction","target":["https:\/\/cuinetes.shop\/es\/cocinar\/la-aceitera-mucho-mas-que-un-complemento\/"]}]},{"@type":"ImageObject","inLanguage":"es","@id":"https:\/\/cuinetes.shop\/es\/cocinar\/la-aceitera-mucho-mas-que-un-complemento\/#primaryimage","url":"https:\/\/cuinetes.shop\/wp-content\/uploads\/2021\/09\/aceitera.jpg","contentUrl":"https:\/\/cuinetes.shop\/wp-content\/uploads\/2021\/09\/aceitera.jpg","width":640,"height":533},{"@type":"BreadcrumbList","@id":"https:\/\/cuinetes.shop\/es\/cocinar\/la-aceitera-mucho-mas-que-un-complemento\/#breadcrumb","itemListElement":[{"@type":"ListItem","position":1,"name":"Home","item":"https:\/\/cuinetes.shop\/es\/"},{"@type":"ListItem","position":2,"name":"La aceitera, mucho m\u00e1s que un complemento"}]},{"@type":"WebSite","@id":"https:\/\/cuinetes.shop\/es\/#website","url":"https:\/\/cuinetes.shop\/es\/","name":"Tienda de utensilios de cocina - Cuinetes","description":"","potentialAction":[{"@type":"SearchAction","target":{"@type":"EntryPoint","urlTemplate":"https:\/\/cuinetes.shop\/es\/?s={search_term_string}"},"query-input":{"@type":"PropertyValueSpecification","valueRequired":true,"valueName":"search_term_string"}}],"inLanguage":"es"},{"@type":"Person","@id":"https:\/\/cuinetes.shop\/es\/#\/schema\/person\/12d37031a94092f21781d5fd7117068c","name":"Laura Palomo Sarrias","image":{"@type":"ImageObject","inLanguage":"es","@id":"https:\/\/cuinetes.shop\/es\/#\/schema\/person\/image\/","url":"https:\/\/secure.gravatar.com\/avatar\/0edbcc983f40435954e44718fb6eca445b7b1424fc37b011255d8fe04400897f?s=96&d=mm&r=g","contentUrl":"https:\/\/secure.gravatar.com\/avatar\/0edbcc983f40435954e44718fb6eca445b7b1424fc37b011255d8fe04400897f?s=96&d=mm&r=g","caption":"Laura Palomo Sarrias"},"url":"https:\/\/cuinetes.shop\/es\/author\/lauraps45gmail-com\/"}]}},"_links":{"self":[{"href":"https:\/\/cuinetes.shop\/es\/wp-json\/wp\/v2\/posts\/19401","targetHints":{"allow":["GET"]}}],"collection":[{"href":"https:\/\/cuinetes.shop\/es\/wp-json\/wp\/v2\/posts"}],"about":[{"href":"https:\/\/cuinetes.shop\/es\/wp-json\/wp\/v2\/types\/post"}],"author":[{"embeddable":true,"href":"https:\/\/cuinetes.shop\/es\/wp-json\/wp\/v2\/users\/118"}],"replies":[{"embeddable":true,"href":"https:\/\/cuinetes.shop\/es\/wp-json\/wp\/v2\/comments?post=19401"}],"version-history":[{"count":0,"href":"https:\/\/cuinetes.shop\/es\/wp-json\/wp\/v2\/posts\/19401\/revisions"}],"wp:featuredmedia":[{"embeddable":true,"href":"https:\/\/cuinetes.shop\/es\/wp-json\/wp\/v2\/media\/16526"}],"wp:attachment":[{"href":"https:\/\/cuinetes.shop\/es\/wp-json\/wp\/v2\/media?parent=19401"}],"wp:term":[{"taxonomy":"category","embeddable":true,"href":"https:\/\/cuinetes.shop\/es\/wp-json\/wp\/v2\/categories?post=19401"},{"taxonomy":"post_tag","embeddable":true,"href":"https:\/\/cuinetes.shop\/es\/wp-json\/wp\/v2\/tags?post=19401"}],"curies":[{"name":"wp","href":"https:\/\/api.w.org\/{rel}","templated":true}]}}